{"id":2587,"date":"2019-02-28T16:54:43","date_gmt":"2019-02-28T15:54:43","guid":{"rendered":"https:\/\/www.guremarket.eus\/?p=2587"},"modified":"2019-06-19T11:31:22","modified_gmt":"2019-06-19T09:31:22","slug":"plan-general-para-la-gestion-de-crisis-en-alimentos-y-piensos","status":"publish","type":"post","link":"https:\/\/www.guremarket.eus\/eu\/2019\/02\/28\/plan-general-para-la-gestion-de-crisis-en-alimentos-y-piensos\/","title":{"rendered":"Elikagaien eta pentsuen krisia kudeatzeko plan orokorra"},"content":{"rendered":"<div class=\"main-content-m\">\n<div class=\"main-content-i\">\n<div class=\"content side-padded-content reading-mode-content\">\n<article id=\"post-9485\" class=\"pluto-page-box post-9485 post type-post status-publish format-standard hentry category-gestion-de-riesgos\">\n<div class=\"post-body\">\n<div class=\"post-content entry-content\">\n<div class=\"vc_row wpb_row vc_row-fluid\">\n<div class=\"wpb_column vc_column_container vc_col-sm-12\">\n<div class=\"vc_column-inner\">\n<div class=\"wpb_wrapper\">\n<div class=\"wpb_text_column wpb_content_element\">\n<div class=\"wpb_wrapper\">\n<p class=\"translation-block\">Europako Batzordeak, berriki, <a href=\"https:\/\/eur-lex.europa.eu\/legal-content\/ES\/TXT\/HTML\/?uri=CELEX:32019D0300&amp;from=ES\" target=\"_blank\" rel=\"noopener\">2019ko otsailaren 19ko Batzordearen 2019\/300 Exekuzio Erabakia (EB)<\/a> hartu du, zeinaren bidez elikagaien eta pentsuen segurtasunaren arloko krisiak kudeatzeko plan orokor bat ezartzen baita.<\/p>\n<\/div>\n<\/div>\n<div class=\"wpb_text_column wpb_content_element\">\n<div class=\"wpb_wrapper\">\n<p>Erabaki honen helburuak hauek dira: elikagaiek eta pentsuek eragindako gorabeherek osasun publikoan duten irismena eta eragina txikitzea, prestakuntza hobea eta kudeaketa eraginkorra ziurtatuz.<\/p>\n<p>Planak bi egoera-mota hauek barne hartzen ditu:<\/p>\n<ol>\n<li>Batasunaren koordinazio indartua behar duten egoerak, eta<\/li>\n<li>Batzordea zein estatu kideak eta dagokion Batasuneko agentziak biltzen dituen krisi-zedulak sortzea behar duten egoerak.<\/li>\n<\/ol>\n<p>Planak prestakuntza indartu baterako eta Batasunaren mailako gorabeherak kudeatzeko beharrezkoak diren prozedura praktikoak ere ezartzen ditu, gardentasun-oinarriarekin bat datorren komunikazio-estrategia bat barne.<\/p>\n<p class=\"translation-block\">Plan orokorra osasun publikorako arrisku zuzen edo zeharkakoak berekin dakartzaten egoeretan aplikatuko da, elikagai eta pentsuetatik eratorritakoak, eta, bereziki, izaera biologiko, kimiko edo fisikoko elikagai eta pentsuetako edozein arriskurekin lotutakoak badira, seguru asko aldez aurretik ezin direnak aurreikusi, ezabatu edo maila onargarri batera murriztu dauden xedapenen bidez, edo ezin bada kudeatu <a href=\"https:\/\/eur-lex.europa.eu\/legal-content\/ES\/TXT\/PDF\/?uri=CELEX:32002R0178&amp;from=ES\" target=\"_blank\" rel=\"noopener\">178\/2002 zenbakiko Araudiaren (EB)<\/a> 53. eta 54. artikuluekin bat datozen larrialdi-neurriak aplikatuz.<\/p>\n<\/div>\n<\/div>\n<\/div>\n<\/div>\n<\/div>\n<\/div>\n<div class=\"vc_row wpb_row vc_row-fluid\">\n<div class=\"wpb_column vc_column_container vc_col-sm-12\">\n<div class=\"vc_column-inner\">\n<div class=\"wpb_wrapper\">\n<div class=\"vc_btn3-container vc_btn3-center\"><a class=\"vc_general vc_btn3 vc_btn3-size-md vc_btn3-shape-square vc_btn3-style-flat vc_btn3-icon-left vc_btn3-color-success\" title=\"\" href=\"https:\/\/eur-lex.europa.eu\/legal-content\/ES\/TXT\/HTML\/?uri=CELEX:32019D0300&amp;from=ES\" target=\"_blank\" rel=\"noopener noreferrer\"><i class=\"vc_btn3-icon fa fa-external-link\"><\/i>2019ko otsailaren 19ko Batzordearen 2019\/300 Exekuzio Erabakia (EB)<\/a><\/div>\n<\/div>\n<\/div>\n<\/div>\n<\/div>\n<\/div>\n<\/div>\n<\/article>\n<\/div>\n<\/div>\n<\/div>\n<div class=\"pre-footer stacked-widgets widgets-count-1 color-scheme-light\">\n<aside id=\"text-4\" class=\"widget widget_text\">\n<div class=\"textwidget\"><\/div>\n<\/aside>\n<\/div>\n<div class=\"main-footer with-social color-scheme-light\">\n<div class=\"footer-copy-and-menu-w\"><\/div>\n<\/div>","protected":false},"excerpt":{"rendered":"<p>La Comisi\u00f3n Europea ha publicado recientemente la\u00a0Decisi\u00f3n de Ejecuci\u00f3n (UE) 2019\/300 de la Comisi\u00f3n de 19\u00a0de febrero de 2019, por la que se establece un plan general para la gesti\u00f3n de crisis en el \u00e1mbito de la seguridad de los alimentos y los piensos. Los objetivos de la presente Decisi\u00f3n son minimizar el alcance y [&hellip;]<\/p>","protected":false},"author":21,"featured_media":2588,"comment_status":"closed","ping_status":"open","sticky":false,"template":"","format":"standard","meta":{"_acf_changed":false,"ocean_post_layout":"","ocean_both_sidebars_style":"","ocean_both_sidebars_content_width":0,"ocean_both_sidebars_sidebars_width":0,"ocean_sidebar":"","ocean_second_sidebar":"0","ocean_disable_margins":"enable","ocean_add_body_class":"","ocean_shortcode_before_top_bar":"","ocean_shortcode_after_top_bar":"","ocean_shortcode_before_header":"","ocean_shortcode_after_header":"","ocean_has_shortcode":"","ocean_shortcode_after_title":"","ocean_shortcode_before_footer_widgets":"","ocean_shortcode_after_footer_widgets":"","ocean_shortcode_before_footer_bottom":"","ocean_shortcode_after_footer_bottom":"","ocean_display_top_bar":"default","ocean_display_header":"default","ocean_header_style":"","ocean_center_header_left_menu":"0","ocean_custom_header_template":"0","ocean_custom_logo":0,"ocean_custom_retina_logo":0,"ocean_custom_logo_max_width":0,"ocean_custom_logo_tablet_max_width":0,"ocean_custom_logo_mobile_max_width":0,"ocean_custom_logo_max_height":0,"ocean_custom_logo_tablet_max_height":0,"ocean_custom_logo_mobile_max_height":0,"ocean_header_custom_menu":"0","ocean_menu_typo_font_family":"0","ocean_menu_typo_font_subset":"","ocean_menu_typo_font_size":0,"ocean_menu_typo_font_size_tablet":0,"ocean_menu_typo_font_size_mobile":0,"ocean_menu_typo_font_size_unit":"px","ocean_menu_typo_font_weight":"","ocean_menu_typo_font_weight_tablet":"","ocean_menu_typo_font_weight_mobile":"","ocean_menu_typo_transform":"","ocean_menu_typo_transform_tablet":"","ocean_menu_typo_transform_mobile":"","ocean_menu_typo_line_height":0,"ocean_menu_typo_line_height_tablet":0,"ocean_menu_typo_line_height_mobile":0,"ocean_menu_typo_line_height_unit":"","ocean_menu_typo_spacing":0,"ocean_menu_typo_spacing_tablet":0,"ocean_menu_typo_spacing_mobile":0,"ocean_menu_typo_spacing_unit":"","ocean_menu_link_color":"","ocean_menu_link_color_hover":"","ocean_menu_link_color_active":"","ocean_menu_link_background":"","ocean_menu_link_hover_background":"","ocean_menu_link_active_background":"","ocean_menu_social_links_bg":"","ocean_menu_social_hover_links_bg":"","ocean_menu_social_links_color":"","ocean_menu_social_hover_links_color":"","ocean_disable_title":"default","ocean_disable_heading":"default","ocean_post_title":"","ocean_post_subheading":"","ocean_post_title_style":"","ocean_post_title_background_color":"","ocean_post_title_background":0,"ocean_post_title_bg_image_position":"","ocean_post_title_bg_image_attachment":"","ocean_post_title_bg_image_repeat":"","ocean_post_title_bg_image_size":"","ocean_post_title_height":0,"ocean_post_title_bg_overlay":0.5,"ocean_post_title_bg_overlay_color":"","ocean_disable_breadcrumbs":"default","ocean_breadcrumbs_color":"","ocean_breadcrumbs_separator_color":"","ocean_breadcrumbs_links_color":"","ocean_breadcrumbs_links_hover_color":"","ocean_display_footer_widgets":"default","ocean_display_footer_bottom":"default","ocean_custom_footer_template":"0","ocean_post_oembed":"","ocean_post_self_hosted_media":"","ocean_post_video_embed":"","ocean_link_format":"","ocean_link_format_target":"self","ocean_quote_format":"","ocean_quote_format_link":"post","ocean_gallery_link_images":"off","ocean_gallery_id":[],"footnotes":""},"categories":[50],"tags":[],"class_list":["post-2587","post","type-post","status-publish","format-standard","has-post-thumbnail","hentry","category-noticias","entry","has-media"],"acf":[],"_links":{"self":[{"href":"https:\/\/www.guremarket.eus\/eu\/wp-json\/wp\/v2\/posts\/2587","targetHints":{"allow":["GET"]}}],"collection":[{"href":"https:\/\/www.guremarket.eus\/eu\/wp-json\/wp\/v2\/posts"}],"about":[{"href":"https:\/\/www.guremarket.eus\/eu\/wp-json\/wp\/v2\/types\/post"}],"author":[{"embeddable":true,"href":"https:\/\/www.guremarket.eus\/eu\/wp-json\/wp\/v2\/users\/21"}],"replies":[{"embeddable":true,"href":"https:\/\/www.guremarket.eus\/eu\/wp-json\/wp\/v2\/comments?post=2587"}],"version-history":[{"count":2,"href":"https:\/\/www.guremarket.eus\/eu\/wp-json\/wp\/v2\/posts\/2587\/revisions"}],"predecessor-version":[{"id":3185,"href":"https:\/\/www.guremarket.eus\/eu\/wp-json\/wp\/v2\/posts\/2587\/revisions\/3185"}],"wp:featuredmedia":[{"embeddable":true,"href":"https:\/\/www.guremarket.eus\/eu\/wp-json\/wp\/v2\/media\/2588"}],"wp:attachment":[{"href":"https:\/\/www.guremarket.eus\/eu\/wp-json\/wp\/v2\/media?parent=2587"}],"wp:term":[{"taxonomy":"category","embeddable":true,"href":"https:\/\/www.guremarket.eus\/eu\/wp-json\/wp\/v2\/categories?post=2587"},{"taxonomy":"post_tag","embeddable":true,"href":"https:\/\/www.guremarket.eus\/eu\/wp-json\/wp\/v2\/tags?post=2587"}],"curies":[{"name":"wp","href":"https:\/\/api.w.org\/{rel}","templated":true}]}}