{"id":4339,"date":"2021-01-25T12:10:10","date_gmt":"2021-01-25T11:10:10","guid":{"rendered":"https:\/\/www.guremarket.eus\/?p=4339"},"modified":"2021-01-25T12:10:10","modified_gmt":"2021-01-25T11:10:10","slug":"webinar-el-futuro-digital-de-la-industria-alimentaria","status":"publish","type":"post","link":"https:\/\/www.guremarket.eus\/eu\/2021\/01\/25\/webinar-el-futuro-digital-de-la-industria-alimentaria\/","title":{"rendered":"WEBINAR \u00abEl futuro digital de la industria alimentaria\u00bb"},"content":{"rendered":"<p class=\"translation-block\"><strong>\u201cELIKAGAIEN INDUSTRIAREN ETORKIZUN DIGITALA\u201d<\/strong> izenburupean eta <strong>Erich Eichstetter LABe digitalaren gastronomy lab arduraduna - Basque Culinary Center<\/strong>, elikagaien industrian sartzen ari diren teknologia berriak aztertuko ditugu, teknologia hori ulertzeko modua nola alda lezaketen eta baliabide teknologikoak erabiliz lehiatzeko abantaila mantentzeko kontuan hartu beharreko funtsezko alderdiak zein diren ikusiko dugu<\/p>\n<p><strong>Horrez gain, arrakasta izan duten hainbat kasu aurkeztuko dira.<\/strong>.<\/p>\n<p class=\"translation-block\">Webinarra elikagaien industriaren sektorean lan egiten duen edonorentzat da.<\/p>\n<ul>\n<li class=\"translation-block\"><strong>Hizlaria<\/strong>: <a href=\"https:\/\/es.linkedin.com\/in\/ericheichstetter\" target=\"_self\">Erich Eichstetter<\/a><\/li>\n<li class=\"translation-block\"><strong>Data:<\/strong> otsailak 5, ostirala<\/li>\n<li><strong>Ordua:<\/strong> 10:00-11:00<\/li>\n<li class=\"translation-block\"><strong>Izen-ematea:<\/strong> <a href=\"https:\/\/forms.gle\/SxYKa49wN6KafhsR8\" target=\"_self\">https:\/\/forms.gle\/SxYKa49wN6KafhsR8<\/a><\/li>\n<li><strong>Plataforma:<\/strong> Zoom<\/li>\n<\/ul>\n<p><img fetchpriority=\"high\" decoding=\"async\" class=\"aligncenter size-full wp-image-4341\" src=\"https:\/\/www.guremarket.eus\/wp-content\/uploads\/2021\/01\/imagen-mail_eu.png\" alt=\"\" width=\"567\" height=\"734\" srcset=\"https:\/\/www.guremarket.eus\/wp-content\/uploads\/2021\/01\/imagen-mail_eu.png 567w, https:\/\/www.guremarket.eus\/wp-content\/uploads\/2021\/01\/imagen-mail_eu-9x12.png 9w\" sizes=\"(max-width: 567px) 100vw, 567px\" \/><\/p>","protected":false},"excerpt":{"rendered":"<p>Bajo el t\u00edtulo \u201cEL FUTURO DIGITAL DE LA INDUSTRIA ALIMENTARIA\u201d Y junto con Erich Eichstetter, Responsable del LABe digital gastronomy lab &#8211; Basque Culinary Center\u00a0, haremos un recorrido por las nuevas tecnolog\u00edas que est\u00e1n irrumpiendo en la industria alimentaria, c\u00f3mo podr\u00edan transformar nuestra manera de entenderla y cu\u00e1les son los puntos clave a tener en [&hellip;]<\/p>","protected":false},"author":21,"featured_media":4342,"comment_status":"closed","ping_status":"open","sticky":false,"template":"","format":"standard","meta":{"_acf_changed":false,"ocean_post_layout":"","ocean_both_sidebars_style":"","ocean_both_sidebars_content_width":0,"ocean_both_sidebars_sidebars_width":0,"ocean_sidebar":"0","ocean_second_sidebar":"0","ocean_disable_margins":"enable","ocean_add_body_class":"","ocean_shortcode_before_top_bar":"","ocean_shortcode_after_top_bar":"","ocean_shortcode_before_header":"","ocean_shortcode_after_header":"","ocean_has_shortcode":"","ocean_shortcode_after_title":"","ocean_shortcode_before_footer_widgets":"","ocean_shortcode_after_footer_widgets":"","ocean_shortcode_before_footer_bottom":"","ocean_shortcode_after_footer_bottom":"","ocean_display_top_bar":"default","ocean_display_header":"default","ocean_header_style":"","ocean_center_header_left_menu":"0","ocean_custom_header_template":"0","ocean_custom_logo":0,"ocean_custom_retina_logo":0,"ocean_custom_logo_max_width":0,"ocean_custom_logo_tablet_max_width":0,"ocean_custom_logo_mobile_max_width":0,"ocean_custom_logo_max_height":0,"ocean_custom_logo_tablet_max_height":0,"ocean_custom_logo_mobile_max_height":0,"ocean_header_custom_menu":"0","ocean_menu_typo_font_family":"0","ocean_menu_typo_font_subset":"","ocean_menu_typo_font_size":0,"ocean_menu_typo_font_size_tablet":0,"ocean_menu_typo_font_size_mobile":0,"ocean_menu_typo_font_size_unit":"px","ocean_menu_typo_font_weight":"","ocean_menu_typo_font_weight_tablet":"","ocean_menu_typo_font_weight_mobile":"","ocean_menu_typo_transform":"","ocean_menu_typo_transform_tablet":"","ocean_menu_typo_transform_mobile":"","ocean_menu_typo_line_height":0,"ocean_menu_typo_line_height_tablet":0,"ocean_menu_typo_line_height_mobile":0,"ocean_menu_typo_line_height_unit":"","ocean_menu_typo_spacing":0,"ocean_menu_typo_spacing_tablet":0,"ocean_menu_typo_spacing_mobile":0,"ocean_menu_typo_spacing_unit":"","ocean_menu_link_color":"","ocean_menu_link_color_hover":"","ocean_menu_link_color_active":"","ocean_menu_link_background":"","ocean_menu_link_hover_background":"","ocean_menu_link_active_background":"","ocean_menu_social_links_bg":"","ocean_menu_social_hover_links_bg":"","ocean_menu_social_links_color":"","ocean_menu_social_hover_links_color":"","ocean_disable_title":"default","ocean_disable_heading":"default","ocean_post_title":"","ocean_post_subheading":"","ocean_post_title_style":"","ocean_post_title_background_color":"","ocean_post_title_background":0,"ocean_post_title_bg_image_position":"","ocean_post_title_bg_image_attachment":"","ocean_post_title_bg_image_repeat":"","ocean_post_title_bg_image_size":"","ocean_post_title_height":0,"ocean_post_title_bg_overlay":0.5,"ocean_post_title_bg_overlay_color":"","ocean_disable_breadcrumbs":"default","ocean_breadcrumbs_color":"","ocean_breadcrumbs_separator_color":"","ocean_breadcrumbs_links_color":"","ocean_breadcrumbs_links_hover_color":"","ocean_display_footer_widgets":"default","ocean_display_footer_bottom":"default","ocean_custom_footer_template":"0","ocean_post_oembed":"","ocean_post_self_hosted_media":"","ocean_post_video_embed":"","ocean_link_format":"","ocean_link_format_target":"self","ocean_quote_format":"","ocean_quote_format_link":"post","ocean_gallery_link_images":"off","ocean_gallery_id":[],"footnotes":""},"categories":[49],"tags":[],"class_list":["post-4339","post","type-post","status-publish","format-standard","has-post-thumbnail","hentry","category-eventos","entry","has-media"],"acf":[],"_links":{"self":[{"href":"https:\/\/www.guremarket.eus\/eu\/wp-json\/wp\/v2\/posts\/4339","targetHints":{"allow":["GET"]}}],"collection":[{"href":"https:\/\/www.guremarket.eus\/eu\/wp-json\/wp\/v2\/posts"}],"about":[{"href":"https:\/\/www.guremarket.eus\/eu\/wp-json\/wp\/v2\/types\/post"}],"author":[{"embeddable":true,"href":"https:\/\/www.guremarket.eus\/eu\/wp-json\/wp\/v2\/users\/21"}],"replies":[{"embeddable":true,"href":"https:\/\/www.guremarket.eus\/eu\/wp-json\/wp\/v2\/comments?post=4339"}],"version-history":[{"count":1,"href":"https:\/\/www.guremarket.eus\/eu\/wp-json\/wp\/v2\/posts\/4339\/revisions"}],"predecessor-version":[{"id":4343,"href":"https:\/\/www.guremarket.eus\/eu\/wp-json\/wp\/v2\/posts\/4339\/revisions\/4343"}],"wp:featuredmedia":[{"embeddable":true,"href":"https:\/\/www.guremarket.eus\/eu\/wp-json\/wp\/v2\/media\/4342"}],"wp:attachment":[{"href":"https:\/\/www.guremarket.eus\/eu\/wp-json\/wp\/v2\/media?parent=4339"}],"wp:term":[{"taxonomy":"category","embeddable":true,"href":"https:\/\/www.guremarket.eus\/eu\/wp-json\/wp\/v2\/categories?post=4339"},{"taxonomy":"post_tag","embeddable":true,"href":"https:\/\/www.guremarket.eus\/eu\/wp-json\/wp\/v2\/tags?post=4339"}],"curies":[{"name":"wp","href":"https:\/\/api.w.org\/{rel}","templated":true}]}}